{"id":113,"date":"2019-10-15T09:38:34","date_gmt":"2019-10-15T12:38:34","guid":{"rendered":"https:\/\/cdc.uesc.br\/wordpress\/index.php\/2019\/10\/15\/furniture-design-contemporary-art-3\/"},"modified":"2024-12-03T14:47:57","modified_gmt":"2024-12-03T17:47:57","slug":"furniture-design-contemporary-art-3","status":"publish","type":"post","link":"https:\/\/cdc.uesc.br\/index.php\/2019\/10\/15\/furniture-design-contemporary-art-3\/","title":{"rendered":"L\u00e9lia Gonzalez"},"content":{"rendered":"\t\t<div data-elementor-type=\"wp-post\" data-elementor-id=\"113\" class=\"elementor elementor-113\">\n\t\t\t\t\t\t<section class=\"elementor-section elementor-top-section elementor-element elementor-element-b8f3e62 elementor-section-boxed elementor-section-height-default elementor-section-height-default\" data-id=\"b8f3e62\" data-element_type=\"section\">\n\t\t\t\t\t\t<div class=\"elementor-container elementor-column-gap-default\">\n\t\t\t\t\t<div class=\"aux-parallax-section elementor-column elementor-col-66 elementor-top-column elementor-element elementor-element-1edbb17\" data-id=\"1edbb17\" data-element_type=\"column\">\n\t\t\t<div class=\"elementor-widget-wrap\">\n\t\t\t\t\t\t\t<\/div>\n\t\t<\/div>\n\t\t\t\t<div class=\"aux-parallax-section elementor-column elementor-col-33 elementor-top-column elementor-element elementor-element-b48cf52\" data-id=\"b48cf52\" data-element_type=\"column\">\n\t\t\t<div class=\"elementor-widget-wrap elementor-element-populated\">\n\t\t\t\t\t\t<div class=\"elementor-element elementor-element-bdf2f1e elementor-position-left elementor-view-default elementor-mobile-position-top elementor-widget elementor-widget-icon-box\" data-id=\"bdf2f1e\" data-element_type=\"widget\" data-widget_type=\"icon-box.default\">\n\t\t\t\t<div class=\"elementor-widget-container\">\n\t\t\t\t\t\t\t<div class=\"elementor-icon-box-wrapper\">\n\n\t\t\t\t\t\t<div class=\"elementor-icon-box-icon\">\n\t\t\t\t<a href=\"https:\/\/www.instagram.com\/p\/CkZQl10OvpE\/?utm_source=ig_web_copy_link&#038;igsh=MzRlODBiNWFlZA==\" target=\"_blank\" class=\"elementor-icon\" tabindex=\"-1\">\n\t\t\t\t<i aria-hidden=\"true\" class=\"fab fa-instagram\"><\/i>\t\t\t\t<\/a>\n\t\t\t<\/div>\n\t\t\t\n\t\t\t\t\t\t<div class=\"elementor-icon-box-content\">\n\n\t\t\t\t\n\t\t\t\t\t\t\t\t\t<p class=\"elementor-icon-box-description\">\n\t\t\t\t\t\t<a href=\"https:\/\/www.instagram.com\/p\/Cm9rOxtPK6b\/?utm_source=ig_web_copy_link&amp;igsh=MzRlODBiNWFlZA==\" target=\"_blank\" rel=\"noopener noreferrer\">Veja tamb\u00e9m em nosso Instagram!<\/a>\t\t\t\t\t<\/p>\n\t\t\t\t\n\t\t\t<\/div>\n\t\t\t\n\t\t<\/div>\n\t\t\t\t\t\t<\/div>\n\t\t\t\t<\/div>\n\t\t\t\t\t<\/div>\n\t\t<\/div>\n\t\t\t\t\t<\/div>\n\t\t<\/section>\n\t\t\t\t<section class=\"elementor-section elementor-top-section elementor-element elementor-element-7842f7b5 elementor-section-boxed elementor-section-height-default elementor-section-height-default\" data-id=\"7842f7b5\" data-element_type=\"section\">\n\t\t\t\t\t\t<div class=\"elementor-container elementor-column-gap-default\">\n\t\t\t\t\t<div class=\"aux-parallax-section elementor-column elementor-col-100 elementor-top-column elementor-element elementor-element-2d4287be\" data-id=\"2d4287be\" data-element_type=\"column\">\n\t\t\t<div class=\"elementor-widget-wrap elementor-element-populated\">\n\t\t\t\t\t\t<div class=\"elementor-element elementor-element-656aa6c6 elementor-widget elementor-widget-text-editor\" data-id=\"656aa6c6\" data-element_type=\"widget\" data-widget_type=\"text-editor.default\">\n\t\t\t\t<div class=\"elementor-widget-container\">\n\t\t\t\t\t\t\t\t\t\n<p class=\"wp-block-paragraph\">L\u00e9lia de Almeira Gonzales nasceu em Belo Horizonte, capital de Minas Gerais,\u00a0 no ano de 1935. Ela foi uma professora e estudiosa, conhecida por ser uma das fundadoras do Movimento Negro Unificado (MNU), do Olodum, do Instituto de Pesquisas das Culturas Negras (IPCN) e outros.<\/p>\n<p>Com uma forma\u00e7\u00e3o inicial nos bacharelados de Hist\u00f3ria e Geografia, posteriormente, se tornou bacharel em Filosofia pela\u00a0Universidade Estadual da Guanabara (UERJ).\u00a0L\u00e9lia Gonzales atuou como professora em escolas p\u00fablicas do Rio de Janeiro, cidade para onde se mudou quando ainda era crian\u00e7a, aos sete anos de idade. Fez parte do quadro de docentes de\u00a0importantes estabelecimentos de ensino superior, como a Universidade Estadual do Rio de Janeiro e a Pontif\u00edcia Universidade Cat\u00f3lica\u00a0 (PUC-RJ).\u00a0<\/p>\n<p>No Brasil, \u00e9 considerada uma das pioneiras na dissemina\u00e7\u00e3o do debate acad\u00eamico que faz intersec\u00e7\u00e3o entre ra\u00e7a e g\u00eanero. L\u00e9lia Gonzalez deu importantes contribui\u00e7\u00f5es pol\u00edticas e acad\u00eamicas, tanto ao movimento negro em geral, como em sua vertente feminista. Nesse ponto \u00e9 importante explicar o que significa o conceito interseccional:<\/p>\n\t\t\t\t\t\t\t\t<\/div>\n\t\t\t\t<\/div>\n\t\t\t\t\t<\/div>\n\t\t<\/div>\n\t\t\t\t\t<\/div>\n\t\t<\/section>\n\t\t\t\t<section class=\"elementor-section elementor-top-section elementor-element elementor-element-1db472f elementor-section-boxed elementor-section-height-default elementor-section-height-default\" data-id=\"1db472f\" data-element_type=\"section\">\n\t\t\t\t\t\t<div class=\"elementor-container elementor-column-gap-default\">\n\t\t\t\t\t<div class=\"aux-parallax-section elementor-column elementor-col-33 elementor-top-column elementor-element elementor-element-07c2bb7\" data-id=\"07c2bb7\" data-element_type=\"column\">\n\t\t\t<div class=\"elementor-widget-wrap\">\n\t\t\t\t\t\t\t<\/div>\n\t\t<\/div>\n\t\t\t\t<div class=\"aux-parallax-section elementor-column elementor-col-66 elementor-top-column elementor-element elementor-element-198a96d\" data-id=\"198a96d\" data-element_type=\"column\">\n\t\t\t<div class=\"elementor-widget-wrap elementor-element-populated\">\n\t\t\t\t\t\t<div class=\"elementor-element elementor-element-c2cee58 elementor-widget elementor-widget-aux_blockquote\" data-id=\"c2cee58\" data-element_type=\"widget\" data-widget_type=\"aux_blockquote.default\">\n\t\t\t\t<div class=\"elementor-widget-container\">\n\t\t\t\t\t<section class=\"widget-container aux-widget-quote aux-parent-au34c7df85\"><blockquote class=\"aux-elem-quote aux-blockquote-normal aux-quote-symbol\"><p>O termo interseccionalidade \u00e9 um conceito sociol\u00f3gico preocupado com as intera\u00e7\u00f5es e marcadores sociais nas vidas das minorias. Atrav\u00e9s dele \u00e9 poss\u00edvel enxergar que\u00a0em nossa sociedade existem v\u00e1rios sistemas de opress\u00e3o \u2013 as de ra\u00e7a ou etnia, classe social, capacidade f\u00edsica, localiza\u00e7\u00e3o geogr\u00e1fica, entre outras-, que relacionam-se entre si, se sobrep\u00f5em e demonstram que o racismo, o sexismo e as estruturas patriarcais s\u00e3o insepar\u00e1veis e tendem a discriminar e excluir indiv\u00edduos ou grupos de diferentes formas. (IGNACIO, 2020, p.1)<\/p><\/blockquote><\/section><!-- widget-container -->\t\t\t\t<\/div>\n\t\t\t\t<\/div>\n\t\t\t\t\t<\/div>\n\t\t<\/div>\n\t\t\t\t\t<\/div>\n\t\t<\/section>\n\t\t\t\t<section class=\"elementor-section elementor-top-section elementor-element elementor-element-72ce047 elementor-section-boxed elementor-section-height-default elementor-section-height-default\" data-id=\"72ce047\" data-element_type=\"section\">\n\t\t\t\t\t\t<div class=\"elementor-container elementor-column-gap-default\">\n\t\t\t\t\t<div class=\"aux-parallax-section elementor-column elementor-col-100 elementor-top-column elementor-element elementor-element-ed1b8dd\" data-id=\"ed1b8dd\" data-element_type=\"column\">\n\t\t\t<div class=\"elementor-widget-wrap elementor-element-populated\">\n\t\t\t\t\t\t<div class=\"elementor-element elementor-element-f0d296a elementor-widget elementor-widget-text-editor\" data-id=\"f0d296a\" data-element_type=\"widget\" data-widget_type=\"text-editor.default\">\n\t\t\t\t<div class=\"elementor-widget-container\">\n\t\t\t\t\t\t\t\t\t<p>Sua produ\u00e7\u00e3o acad\u00eamica \u00e9 diversificada, contendo desde tradu\u00e7\u00f5es de livros\u00a0 franceses \u00e0 escrita de ensaios, livros e artigos. \u00c9 interessante citar alguns destes textos para se ter no\u00e7\u00e3o da versatilidade da fil\u00f3sofa:<\/p>\n<p>Tradu\u00e7\u00e3o do franc\u00eas do\u00a0\u00a0II volume da colet\u00e2nea\u00a0<i>Comp\u00eandio moderno de Filosofia<\/i>\u00a0(1968), e ensaios como:\u00a0<i>Racismo e Sexismo na Cultura Brasileira\u00a0<\/i>(1983),\u00a0<i>A mulher negra no Brasil<\/i>\u00a0(1984),\u00a0<i>Por um Feminismo Afro-latino-Americano\u00a0<\/i>(1988),\u00a0<i>A categoria pol\u00edtico-cultural de amefricanidade<\/i>\u00a0(1988), Gonzalez escreveu ainda para importantes artigos como:\u00a0<i>E a trabalhadora negra, cum\u00e9 que fica?<\/i>\u00a0(1982),\u00a0<i>A quest\u00e3o negra no Brasil<\/i>\u00a0(Jornal Mulherio, 1981),\u00a0<i>A import\u00e2ncia da organiza\u00e7\u00e3o da mulher negra no processo de transforma\u00e7\u00e3o social\u00a0<\/i>(Jornal Ra\u00e7a e Classe. Cadernos Trabalhistas, 1988). (RIOS, s\/d)<\/p>\n<p>No que diz respeito a livros, devem ser citados:\u00a0<i>Lugar de Negro<\/i>\u00a0(1982), em coautoria com o soci\u00f3logo argentino Carlos Hasenbalg;\u00a0<i>Festas Populares no Brasil<\/i>\u00a0(1987) e\u00a0<i>Por um feminismo afro-latino-americano<\/i>, livro organizado por Fl\u00e1via Rios e M\u00e1rcia Lima em 2020, partir de textos escritos por Gonzales entre 1970 e 1994 . A esse respeito, nada como ler um trecho do artigo de mesmo nome deste \u00faltimo livro da autora, publicano no Literafro, o portal da literatura afro-brasileira (2022):<\/p>\t\t\t\t\t\t\t\t<\/div>\n\t\t\t\t<\/div>\n\t\t\t\t\t<\/div>\n\t\t<\/div>\n\t\t\t\t\t<\/div>\n\t\t<\/section>\n\t\t\t\t<section class=\"elementor-section elementor-top-section elementor-element elementor-element-30e2587 elementor-section-boxed elementor-section-height-default elementor-section-height-default\" data-id=\"30e2587\" data-element_type=\"section\">\n\t\t\t\t\t\t<div class=\"elementor-container elementor-column-gap-default\">\n\t\t\t\t\t<div class=\"aux-parallax-section elementor-column elementor-col-33 elementor-top-column elementor-element elementor-element-de52302\" data-id=\"de52302\" data-element_type=\"column\">\n\t\t\t<div class=\"elementor-widget-wrap\">\n\t\t\t\t\t\t\t<\/div>\n\t\t<\/div>\n\t\t\t\t<div class=\"aux-parallax-section elementor-column elementor-col-66 elementor-top-column elementor-element elementor-element-71e1933\" data-id=\"71e1933\" data-element_type=\"column\">\n\t\t\t<div class=\"elementor-widget-wrap elementor-element-populated\">\n\t\t\t\t\t\t<div class=\"elementor-element elementor-element-728747b elementor-widget elementor-widget-aux_blockquote\" data-id=\"728747b\" data-element_type=\"widget\" data-widget_type=\"aux_blockquote.default\">\n\t\t\t\t<div class=\"elementor-widget-container\">\n\t\t\t\t\t<section class=\"widget-container aux-widget-quote aux-parent-aua0439302\"><blockquote class=\"aux-elem-quote aux-blockquote-normal aux-quote-symbol\"><p>Por tudo isso, o feminismo latino-americano perde muito da sua for\u00e7a ao abstrair um dado da realidade da maior import\u00e2ncia: o car\u00e1ter multirracial e pluricultural das sociedades dessa regi\u00e3o. Lidar, por exemplo, com a divis\u00e3o sexual do trabalho sem articul\u00e1-la com a correspondente em n\u00edvel racial, \u00e9 cair em uma esp\u00e9cie de racionalismo universal abstrato, t\u00edpico de um discurso masculinizante e branco. Falar de opress\u00e3o da mulher latino-americana \u00e9 falar de uma generalidade que oculta, enfatiza, que tira de cena a dura realidade vivida por milh\u00f5es de mulheres que pagam um pre\u00e7o muito caro pelo fato de n\u00e3o serem brancas. Concordamos plenamente com Jenny Bourne, quando afirma: \u201cEu vejo o antirracismo como algo que n\u00e3o est\u00e1 fora do Movimento de Mulheres sen\u00e3o como algo intr\u00ednseco aos melhores princ\u00edpios feministas. (GONZALES, 2022).<\/p><\/blockquote><\/section><!-- widget-container -->\t\t\t\t<\/div>\n\t\t\t\t<\/div>\n\t\t\t\t\t<\/div>\n\t\t<\/div>\n\t\t\t\t\t<\/div>\n\t\t<\/section>\n\t\t\t\t<section class=\"elementor-section elementor-top-section elementor-element elementor-element-b37013f elementor-section-boxed elementor-section-height-default elementor-section-height-default\" data-id=\"b37013f\" data-element_type=\"section\">\n\t\t\t\t\t\t<div class=\"elementor-container elementor-column-gap-default\">\n\t\t\t\t\t<div class=\"aux-parallax-section elementor-column elementor-col-100 elementor-top-column elementor-element elementor-element-b91eda6\" data-id=\"b91eda6\" data-element_type=\"column\">\n\t\t\t<div class=\"elementor-widget-wrap elementor-element-populated\">\n\t\t\t\t\t\t<div class=\"elementor-element elementor-element-eaa9c80 elementor-widget elementor-widget-text-editor\" data-id=\"eaa9c80\" data-element_type=\"widget\" data-widget_type=\"text-editor.default\">\n\t\t\t\t<div class=\"elementor-widget-container\">\n\t\t\t\t\t\t\t\t\t<p>N\u00e3o poder\u00edamos terminar esse breve relato das contribui\u00e7\u00f5es acad\u00eamicas e sociais da militante e mulher preta que foi L\u00e9lia Gonzales, sem pontuar alguns pontos de sua vida pessoal.<\/p>\n<p>L\u00e9lia teve uma\u00a0vida dif\u00edcil, veio de uma fam\u00edlia de 18 irm\u00e3os. Antes de ingressar na Universidade trabalhou como empregada dom\u00e9stica e de bab\u00e1. Rios (s\/d) afirma que a Lelia Gonzaga sempre destacou sua origem negra da parte de seu pai e\u00a0 ind\u00edgena, de sua m\u00e3e. A mudan\u00e7a para o Rio de Janeiro foi motivada pelo reconhecimento dos talentos futebol\u00edsticos de\u00a0Jaime de Almeida, seu irm\u00e3o que se tornou jogador do Flamengo.<\/p>\n<p>Na vida adulta, apesar do reconhecimento acad\u00eamico dentro e fora do Brasil, L\u00e9lia foi v\u00edtima de racismo e preconceito por parte da fam\u00edlia de seu marido, Luiz Carlos Gonzalez. Nas palavras da autora:<\/p>\t\t\t\t\t\t\t\t<\/div>\n\t\t\t\t<\/div>\n\t\t\t\t\t<\/div>\n\t\t<\/div>\n\t\t\t\t\t<\/div>\n\t\t<\/section>\n\t\t\t\t<section class=\"elementor-section elementor-top-section elementor-element elementor-element-a2a262d elementor-section-boxed elementor-section-height-default elementor-section-height-default\" data-id=\"a2a262d\" data-element_type=\"section\">\n\t\t\t\t\t\t<div class=\"elementor-container elementor-column-gap-default\">\n\t\t\t\t\t<div class=\"aux-parallax-section elementor-column elementor-col-33 elementor-top-column elementor-element elementor-element-dd64e6b\" data-id=\"dd64e6b\" data-element_type=\"column\">\n\t\t\t<div class=\"elementor-widget-wrap\">\n\t\t\t\t\t\t\t<\/div>\n\t\t<\/div>\n\t\t\t\t<div class=\"aux-parallax-section elementor-column elementor-col-66 elementor-top-column elementor-element elementor-element-f753c31\" data-id=\"f753c31\" data-element_type=\"column\">\n\t\t\t<div class=\"elementor-widget-wrap elementor-element-populated\">\n\t\t\t\t\t\t<div class=\"elementor-element elementor-element-432d88d elementor-widget elementor-widget-aux_blockquote\" data-id=\"432d88d\" data-element_type=\"widget\" data-widget_type=\"aux_blockquote.default\">\n\t\t\t\t<div class=\"elementor-widget-container\">\n\t\t\t\t\t<section class=\"widget-container aux-widget-quote aux-parent-au6d453641\"><blockquote class=\"aux-elem-quote aux-blockquote-normal aux-quote-symbol\"><p>No Brasil \u00e9 aceit\u00e1vel que um homem branco tenha um caso com uma mulher negra, mas casamento \u00e9 outro assunto. Quando eles descobriram que nos casamos, ficaram furiosos. Me chamaram de preta suja. Era isso que eu tinha me tornado aos olhos deles, apesar da minha educa\u00e7\u00e3o, apesar da minha posi\u00e7\u00e3o. (Gonzalez, 2020, p. 283-4 apud\u00a0 Rios, s\/d, p.1 ).<\/p><\/blockquote><\/section><!-- widget-container -->\t\t\t\t<\/div>\n\t\t\t\t<\/div>\n\t\t\t\t\t<\/div>\n\t\t<\/div>\n\t\t\t\t\t<\/div>\n\t\t<\/section>\n\t\t\t\t<section class=\"elementor-section elementor-top-section elementor-element elementor-element-fcbbaa5 elementor-section-boxed elementor-section-height-default elementor-section-height-default\" data-id=\"fcbbaa5\" data-element_type=\"section\">\n\t\t\t\t\t\t<div class=\"elementor-container elementor-column-gap-default\">\n\t\t\t\t\t<div class=\"aux-parallax-section elementor-column elementor-col-100 elementor-top-column elementor-element elementor-element-1e6898c\" data-id=\"1e6898c\" data-element_type=\"column\">\n\t\t\t<div class=\"elementor-widget-wrap elementor-element-populated\">\n\t\t\t\t\t\t<div class=\"elementor-element elementor-element-1f4c536 elementor-widget elementor-widget-text-editor\" data-id=\"1f4c536\" data-element_type=\"widget\" data-widget_type=\"text-editor.default\">\n\t\t\t\t<div class=\"elementor-widget-container\">\n\t\t\t\t\t\t\t\t\t<p>Fontes:<\/p>\n<p>RIOS, Fl\u00e1via. L\u00e9lia Gonzalez (1935-1994).\u00a0<b>Enciclop\u00e9dia Mulheres na Filosofia.<\/b>\u00a0s\/d. Dispon\u00edvel em:\u00a0<a href=\"https:\/\/www.blogs.unicamp.br\/mulheresnafilosofia\/lelia-gonzalez\/\">https:\/\/www.blogs.unicamp.br\/mulheresnafilosofia\/lelia-gonzalez\/<\/a>. Acesso em: 10 de maio de 2023.<\/p>\n<p>GONZALEZ, L\u00e9lia. Por um feminismo afro-latino-americano.\u00a0<b>Literafro,<\/b>\u00a0o portal da literatura afro-brasileira. 20 de julho de 2022.<\/p>\n<p>Dispon\u00edvel em:\u00a0<a href=\"http:\/\/www.letras.ufmg.br\/literafro\/ensaistas\/24-textos-das-autoras\/1445-lelia-gonzalez-por-um-feminismo-afro-latino-americano\">http:\/\/www.letras.ufmg.br\/literafro\/ensaistas\/24-textos-das-autoras\/1445-lelia-gonzalez-por-um-feminismo-afro-latino-americano<\/a>. Acesso em: 10 de maio de 2023.<\/p>\n<p>IGNACIO, J\u00falia.\u00a0<a href=\"https:\/\/www.politize.com.br\/interseccionalidade-o-que-e\/\">O que \u00e9 interseccionalidade?<\/a>\u00a0<b>Politize!\u00a0<\/b>20 de novembro de 2020. Dispon\u00edvel em:\u00a0<a href=\"https:\/\/www.politize.com.br\/interseccionalidade-o-que-e\/\">https:\/\/www.politize.com.br\/interseccionalidade-o-que-e\/<\/a>. Acesso em: 10 de maio de 2023.<\/p>\t\t\t\t\t\t\t\t<\/div>\n\t\t\t\t<\/div>\n\t\t\t\t\t<\/div>\n\t\t<\/div>\n\t\t\t\t\t<\/div>\n\t\t<\/section>\n\t\t\t\t<\/div>\n\t\t","protected":false},"excerpt":{"rendered":"<p>Veja tamb\u00e9m em nosso Instagram! L\u00e9lia de Almeira Gonzales nasceu em Belo Horizonte, capital de Minas Gerais,\u00a0 no ano de 1935. Ela foi uma professora e estudiosa, conhecida por ser uma das fundadoras do Movimento Negro Unificado (MNU), do Olodum, do Instituto de Pesquisas das Culturas Negras (IPCN) e outros. Com uma forma\u00e7\u00e3o inicial nos [&hellip;]<\/p>\n","protected":false},"author":2,"featured_media":501,"comment_status":"open","ping_status":"open","sticky":false,"template":"","format":"standard","meta":{"footnotes":""},"categories":[17],"tags":[],"class_list":["post-113","post","type-post","status-publish","format-standard","has-post-thumbnail","hentry","category-mulheres-na-ciencia"],"yoast_head":"<!-- This site is optimized with the Yoast SEO plugin v25.8 - https:\/\/yoast.com\/wordpress\/plugins\/seo\/ -->\n<title>L\u00e9lia Gonzalez - CDC UESC<\/title>\n<meta name=\"robots\" content=\"index, follow, max-snippet:-1, max-image-preview:large, max-video-preview:-1\" \/>\n<link rel=\"canonical\" href=\"https:\/\/cdc.uesc.br\/index.php\/2019\/10\/15\/furniture-design-contemporary-art-3\/\" \/>\n<meta property=\"og:locale\" content=\"pt_BR\" \/>\n<meta property=\"og:type\" content=\"article\" \/>\n<meta property=\"og:title\" content=\"L\u00e9lia Gonzalez - CDC UESC\" \/>\n<meta property=\"og:description\" content=\"Veja tamb\u00e9m em nosso Instagram! L\u00e9lia de Almeira Gonzales nasceu em Belo Horizonte, capital de Minas Gerais,\u00a0 no ano de 1935. Ela foi uma professora e estudiosa, conhecida por ser uma das fundadoras do Movimento Negro Unificado (MNU), do Olodum, do Instituto de Pesquisas das Culturas Negras (IPCN) e outros. Com uma forma\u00e7\u00e3o inicial nos [&hellip;]\" \/>\n<meta property=\"og:url\" content=\"https:\/\/cdc.uesc.br\/index.php\/2019\/10\/15\/furniture-design-contemporary-art-3\/\" \/>\n<meta property=\"og:site_name\" content=\"CDC UESC\" \/>\n<meta property=\"article:published_time\" content=\"2019-10-15T12:38:34+00:00\" \/>\n<meta property=\"article:modified_time\" content=\"2024-12-03T17:47:57+00:00\" \/>\n<meta property=\"og:image\" content=\"https:\/\/cdc.uesc.br\/wp-content\/uploads\/2019\/10\/Lelia.jpg\" \/>\n\t<meta property=\"og:image:width\" content=\"1280\" \/>\n\t<meta property=\"og:image:height\" content=\"853\" \/>\n\t<meta property=\"og:image:type\" content=\"image\/jpeg\" \/>\n<meta name=\"author\" content=\"Jo\u00e3o Ant\u00f4nio Silva de Lima\" \/>\n<meta name=\"twitter:card\" content=\"summary_large_image\" \/>\n<meta name=\"twitter:label1\" content=\"Escrito por\" \/>\n\t<meta name=\"twitter:data1\" content=\"Jo\u00e3o Ant\u00f4nio Silva de Lima\" \/>\n\t<meta name=\"twitter:label2\" content=\"Est. tempo de leitura\" \/>\n\t<meta name=\"twitter:data2\" content=\"5 minutos\" \/>\n<script type=\"application\/ld+json\" class=\"yoast-schema-graph\">{\"@context\":\"https:\/\/schema.org\",\"@graph\":[{\"@type\":\"Article\",\"@id\":\"https:\/\/cdc.uesc.br\/index.php\/2019\/10\/15\/furniture-design-contemporary-art-3\/#article\",\"isPartOf\":{\"@id\":\"https:\/\/cdc.uesc.br\/index.php\/2019\/10\/15\/furniture-design-contemporary-art-3\/\"},\"author\":{\"name\":\"Jo\u00e3o Ant\u00f4nio Silva de Lima\",\"@id\":\"https:\/\/cdc.uesc.br\/#\/schema\/person\/9280c5abfa28b9abb14cbcdcfb67d090\"},\"headline\":\"L\u00e9lia Gonzalez\",\"datePublished\":\"2019-10-15T12:38:34+00:00\",\"dateModified\":\"2024-12-03T17:47:57+00:00\",\"mainEntityOfPage\":{\"@id\":\"https:\/\/cdc.uesc.br\/index.php\/2019\/10\/15\/furniture-design-contemporary-art-3\/\"},\"wordCount\":921,\"commentCount\":0,\"publisher\":{\"@id\":\"https:\/\/cdc.uesc.br\/#organization\"},\"image\":{\"@id\":\"https:\/\/cdc.uesc.br\/index.php\/2019\/10\/15\/furniture-design-contemporary-art-3\/#primaryimage\"},\"thumbnailUrl\":\"https:\/\/cdc.uesc.br\/wp-content\/uploads\/2019\/10\/Lelia.jpg\",\"articleSection\":[\"Mulheres na Ci\u00eancia\"],\"inLanguage\":\"pt-BR\",\"potentialAction\":[{\"@type\":\"CommentAction\",\"name\":\"Comment\",\"target\":[\"https:\/\/cdc.uesc.br\/index.php\/2019\/10\/15\/furniture-design-contemporary-art-3\/#respond\"]}]},{\"@type\":\"WebPage\",\"@id\":\"https:\/\/cdc.uesc.br\/index.php\/2019\/10\/15\/furniture-design-contemporary-art-3\/\",\"url\":\"https:\/\/cdc.uesc.br\/index.php\/2019\/10\/15\/furniture-design-contemporary-art-3\/\",\"name\":\"L\u00e9lia Gonzalez - CDC UESC\",\"isPartOf\":{\"@id\":\"https:\/\/cdc.uesc.br\/#website\"},\"primaryImageOfPage\":{\"@id\":\"https:\/\/cdc.uesc.br\/index.php\/2019\/10\/15\/furniture-design-contemporary-art-3\/#primaryimage\"},\"image\":{\"@id\":\"https:\/\/cdc.uesc.br\/index.php\/2019\/10\/15\/furniture-design-contemporary-art-3\/#primaryimage\"},\"thumbnailUrl\":\"https:\/\/cdc.uesc.br\/wp-content\/uploads\/2019\/10\/Lelia.jpg\",\"datePublished\":\"2019-10-15T12:38:34+00:00\",\"dateModified\":\"2024-12-03T17:47:57+00:00\",\"breadcrumb\":{\"@id\":\"https:\/\/cdc.uesc.br\/index.php\/2019\/10\/15\/furniture-design-contemporary-art-3\/#breadcrumb\"},\"inLanguage\":\"pt-BR\",\"potentialAction\":[{\"@type\":\"ReadAction\",\"target\":[\"https:\/\/cdc.uesc.br\/index.php\/2019\/10\/15\/furniture-design-contemporary-art-3\/\"]}]},{\"@type\":\"ImageObject\",\"inLanguage\":\"pt-BR\",\"@id\":\"https:\/\/cdc.uesc.br\/index.php\/2019\/10\/15\/furniture-design-contemporary-art-3\/#primaryimage\",\"url\":\"https:\/\/cdc.uesc.br\/wp-content\/uploads\/2019\/10\/Lelia.jpg\",\"contentUrl\":\"https:\/\/cdc.uesc.br\/wp-content\/uploads\/2019\/10\/Lelia.jpg\",\"width\":1280,\"height\":853},{\"@type\":\"BreadcrumbList\",\"@id\":\"https:\/\/cdc.uesc.br\/index.php\/2019\/10\/15\/furniture-design-contemporary-art-3\/#breadcrumb\",\"itemListElement\":[{\"@type\":\"ListItem\",\"position\":1,\"name\":\"In\u00edcio\",\"item\":\"https:\/\/cdc.uesc.br\/\"},{\"@type\":\"ListItem\",\"position\":2,\"name\":\"L\u00e9lia Gonzalez\"}]},{\"@type\":\"WebSite\",\"@id\":\"https:\/\/cdc.uesc.br\/#website\",\"url\":\"https:\/\/cdc.uesc.br\/\",\"name\":\"CDC UESC\",\"description\":\"\",\"publisher\":{\"@id\":\"https:\/\/cdc.uesc.br\/#organization\"},\"potentialAction\":[{\"@type\":\"SearchAction\",\"target\":{\"@type\":\"EntryPoint\",\"urlTemplate\":\"https:\/\/cdc.uesc.br\/?s={search_term_string}\"},\"query-input\":{\"@type\":\"PropertyValueSpecification\",\"valueRequired\":true,\"valueName\":\"search_term_string\"}}],\"inLanguage\":\"pt-BR\"},{\"@type\":\"Organization\",\"@id\":\"https:\/\/cdc.uesc.br\/#organization\",\"name\":\"CDC UESC\",\"url\":\"https:\/\/cdc.uesc.br\/\",\"logo\":{\"@type\":\"ImageObject\",\"inLanguage\":\"pt-BR\",\"@id\":\"https:\/\/cdc.uesc.br\/#\/schema\/logo\/image\/\",\"url\":\"https:\/\/cdc.uesc.br\/wp-content\/uploads\/2024\/11\/cropped-logocdc_.png\",\"contentUrl\":\"https:\/\/cdc.uesc.br\/wp-content\/uploads\/2024\/11\/cropped-logocdc_.png\",\"width\":1000,\"height\":500,\"caption\":\"CDC UESC\"},\"image\":{\"@id\":\"https:\/\/cdc.uesc.br\/#\/schema\/logo\/image\/\"}},{\"@type\":\"Person\",\"@id\":\"https:\/\/cdc.uesc.br\/#\/schema\/person\/9280c5abfa28b9abb14cbcdcfb67d090\",\"name\":\"Jo\u00e3o Ant\u00f4nio Silva de Lima\",\"image\":{\"@type\":\"ImageObject\",\"inLanguage\":\"pt-BR\",\"@id\":\"https:\/\/cdc.uesc.br\/#\/schema\/person\/image\/\",\"url\":\"https:\/\/secure.gravatar.com\/avatar\/24a3210a5bbebc997cd5951c59a2524c91be41f3dbc126e06dc3ac659bef43d2?s=96&d=mm&r=g\",\"contentUrl\":\"https:\/\/secure.gravatar.com\/avatar\/24a3210a5bbebc997cd5951c59a2524c91be41f3dbc126e06dc3ac659bef43d2?s=96&d=mm&r=g\",\"caption\":\"Jo\u00e3o Ant\u00f4nio Silva de Lima\"},\"url\":\"https:\/\/cdc.uesc.br\/index.php\/author\/joaoantonio\/\"}]}<\/script>\n<!-- \/ Yoast SEO plugin. -->","yoast_head_json":{"title":"L\u00e9lia Gonzalez - CDC UESC","robots":{"index":"index","follow":"follow","max-snippet":"max-snippet:-1","max-image-preview":"max-image-preview:large","max-video-preview":"max-video-preview:-1"},"canonical":"https:\/\/cdc.uesc.br\/index.php\/2019\/10\/15\/furniture-design-contemporary-art-3\/","og_locale":"pt_BR","og_type":"article","og_title":"L\u00e9lia Gonzalez - CDC UESC","og_description":"Veja tamb\u00e9m em nosso Instagram! L\u00e9lia de Almeira Gonzales nasceu em Belo Horizonte, capital de Minas Gerais,\u00a0 no ano de 1935. Ela foi uma professora e estudiosa, conhecida por ser uma das fundadoras do Movimento Negro Unificado (MNU), do Olodum, do Instituto de Pesquisas das Culturas Negras (IPCN) e outros. Com uma forma\u00e7\u00e3o inicial nos [&hellip;]","og_url":"https:\/\/cdc.uesc.br\/index.php\/2019\/10\/15\/furniture-design-contemporary-art-3\/","og_site_name":"CDC UESC","article_published_time":"2019-10-15T12:38:34+00:00","article_modified_time":"2024-12-03T17:47:57+00:00","og_image":[{"width":1280,"height":853,"url":"https:\/\/cdc.uesc.br\/wp-content\/uploads\/2019\/10\/Lelia.jpg","type":"image\/jpeg"}],"author":"Jo\u00e3o Ant\u00f4nio Silva de Lima","twitter_card":"summary_large_image","twitter_misc":{"Escrito por":"Jo\u00e3o Ant\u00f4nio Silva de Lima","Est. tempo de leitura":"5 minutos"},"schema":{"@context":"https:\/\/schema.org","@graph":[{"@type":"Article","@id":"https:\/\/cdc.uesc.br\/index.php\/2019\/10\/15\/furniture-design-contemporary-art-3\/#article","isPartOf":{"@id":"https:\/\/cdc.uesc.br\/index.php\/2019\/10\/15\/furniture-design-contemporary-art-3\/"},"author":{"name":"Jo\u00e3o Ant\u00f4nio Silva de Lima","@id":"https:\/\/cdc.uesc.br\/#\/schema\/person\/9280c5abfa28b9abb14cbcdcfb67d090"},"headline":"L\u00e9lia Gonzalez","datePublished":"2019-10-15T12:38:34+00:00","dateModified":"2024-12-03T17:47:57+00:00","mainEntityOfPage":{"@id":"https:\/\/cdc.uesc.br\/index.php\/2019\/10\/15\/furniture-design-contemporary-art-3\/"},"wordCount":921,"commentCount":0,"publisher":{"@id":"https:\/\/cdc.uesc.br\/#organization"},"image":{"@id":"https:\/\/cdc.uesc.br\/index.php\/2019\/10\/15\/furniture-design-contemporary-art-3\/#primaryimage"},"thumbnailUrl":"https:\/\/cdc.uesc.br\/wp-content\/uploads\/2019\/10\/Lelia.jpg","articleSection":["Mulheres na Ci\u00eancia"],"inLanguage":"pt-BR","potentialAction":[{"@type":"CommentAction","name":"Comment","target":["https:\/\/cdc.uesc.br\/index.php\/2019\/10\/15\/furniture-design-contemporary-art-3\/#respond"]}]},{"@type":"WebPage","@id":"https:\/\/cdc.uesc.br\/index.php\/2019\/10\/15\/furniture-design-contemporary-art-3\/","url":"https:\/\/cdc.uesc.br\/index.php\/2019\/10\/15\/furniture-design-contemporary-art-3\/","name":"L\u00e9lia Gonzalez - CDC UESC","isPartOf":{"@id":"https:\/\/cdc.uesc.br\/#website"},"primaryImageOfPage":{"@id":"https:\/\/cdc.uesc.br\/index.php\/2019\/10\/15\/furniture-design-contemporary-art-3\/#primaryimage"},"image":{"@id":"https:\/\/cdc.uesc.br\/index.php\/2019\/10\/15\/furniture-design-contemporary-art-3\/#primaryimage"},"thumbnailUrl":"https:\/\/cdc.uesc.br\/wp-content\/uploads\/2019\/10\/Lelia.jpg","datePublished":"2019-10-15T12:38:34+00:00","dateModified":"2024-12-03T17:47:57+00:00","breadcrumb":{"@id":"https:\/\/cdc.uesc.br\/index.php\/2019\/10\/15\/furniture-design-contemporary-art-3\/#breadcrumb"},"inLanguage":"pt-BR","potentialAction":[{"@type":"ReadAction","target":["https:\/\/cdc.uesc.br\/index.php\/2019\/10\/15\/furniture-design-contemporary-art-3\/"]}]},{"@type":"ImageObject","inLanguage":"pt-BR","@id":"https:\/\/cdc.uesc.br\/index.php\/2019\/10\/15\/furniture-design-contemporary-art-3\/#primaryimage","url":"https:\/\/cdc.uesc.br\/wp-content\/uploads\/2019\/10\/Lelia.jpg","contentUrl":"https:\/\/cdc.uesc.br\/wp-content\/uploads\/2019\/10\/Lelia.jpg","width":1280,"height":853},{"@type":"BreadcrumbList","@id":"https:\/\/cdc.uesc.br\/index.php\/2019\/10\/15\/furniture-design-contemporary-art-3\/#breadcrumb","itemListElement":[{"@type":"ListItem","position":1,"name":"In\u00edcio","item":"https:\/\/cdc.uesc.br\/"},{"@type":"ListItem","position":2,"name":"L\u00e9lia Gonzalez"}]},{"@type":"WebSite","@id":"https:\/\/cdc.uesc.br\/#website","url":"https:\/\/cdc.uesc.br\/","name":"CDC UESC","description":"","publisher":{"@id":"https:\/\/cdc.uesc.br\/#organization"},"potentialAction":[{"@type":"SearchAction","target":{"@type":"EntryPoint","urlTemplate":"https:\/\/cdc.uesc.br\/?s={search_term_string}"},"query-input":{"@type":"PropertyValueSpecification","valueRequired":true,"valueName":"search_term_string"}}],"inLanguage":"pt-BR"},{"@type":"Organization","@id":"https:\/\/cdc.uesc.br\/#organization","name":"CDC UESC","url":"https:\/\/cdc.uesc.br\/","logo":{"@type":"ImageObject","inLanguage":"pt-BR","@id":"https:\/\/cdc.uesc.br\/#\/schema\/logo\/image\/","url":"https:\/\/cdc.uesc.br\/wp-content\/uploads\/2024\/11\/cropped-logocdc_.png","contentUrl":"https:\/\/cdc.uesc.br\/wp-content\/uploads\/2024\/11\/cropped-logocdc_.png","width":1000,"height":500,"caption":"CDC UESC"},"image":{"@id":"https:\/\/cdc.uesc.br\/#\/schema\/logo\/image\/"}},{"@type":"Person","@id":"https:\/\/cdc.uesc.br\/#\/schema\/person\/9280c5abfa28b9abb14cbcdcfb67d090","name":"Jo\u00e3o Ant\u00f4nio Silva de Lima","image":{"@type":"ImageObject","inLanguage":"pt-BR","@id":"https:\/\/cdc.uesc.br\/#\/schema\/person\/image\/","url":"https:\/\/secure.gravatar.com\/avatar\/24a3210a5bbebc997cd5951c59a2524c91be41f3dbc126e06dc3ac659bef43d2?s=96&d=mm&r=g","contentUrl":"https:\/\/secure.gravatar.com\/avatar\/24a3210a5bbebc997cd5951c59a2524c91be41f3dbc126e06dc3ac659bef43d2?s=96&d=mm&r=g","caption":"Jo\u00e3o Ant\u00f4nio Silva de Lima"},"url":"https:\/\/cdc.uesc.br\/index.php\/author\/joaoantonio\/"}]}},"_links":{"self":[{"href":"https:\/\/cdc.uesc.br\/index.php\/wp-json\/wp\/v2\/posts\/113","targetHints":{"allow":["GET"]}}],"collection":[{"href":"https:\/\/cdc.uesc.br\/index.php\/wp-json\/wp\/v2\/posts"}],"about":[{"href":"https:\/\/cdc.uesc.br\/index.php\/wp-json\/wp\/v2\/types\/post"}],"author":[{"embeddable":true,"href":"https:\/\/cdc.uesc.br\/index.php\/wp-json\/wp\/v2\/users\/2"}],"replies":[{"embeddable":true,"href":"https:\/\/cdc.uesc.br\/index.php\/wp-json\/wp\/v2\/comments?post=113"}],"version-history":[{"count":8,"href":"https:\/\/cdc.uesc.br\/index.php\/wp-json\/wp\/v2\/posts\/113\/revisions"}],"predecessor-version":[{"id":687,"href":"https:\/\/cdc.uesc.br\/index.php\/wp-json\/wp\/v2\/posts\/113\/revisions\/687"}],"wp:featuredmedia":[{"embeddable":true,"href":"https:\/\/cdc.uesc.br\/index.php\/wp-json\/wp\/v2\/media\/501"}],"wp:attachment":[{"href":"https:\/\/cdc.uesc.br\/index.php\/wp-json\/wp\/v2\/media?parent=113"}],"wp:term":[{"taxonomy":"category","embeddable":true,"href":"https:\/\/cdc.uesc.br\/index.php\/wp-json\/wp\/v2\/categories?post=113"},{"taxonomy":"post_tag","embeddable":true,"href":"https:\/\/cdc.uesc.br\/index.php\/wp-json\/wp\/v2\/tags?post=113"}],"curies":[{"name":"wp","href":"https:\/\/api.w.org\/{rel}","templated":true}]}}